{"id":7149,"date":"2019-05-10T10:45:00","date_gmt":"2019-05-10T10:45:00","guid":{"rendered":"https:\/\/www2.zenato.it\/?p=7149"},"modified":"2026-01-21T17:10:45","modified_gmt":"2026-01-21T17:10:45","slug":"alberto-zenato-presidente-famiglie-storiche","status":"publish","type":"post","link":"https:\/\/www.zenato.it\/en\/alberto-zenato-presidente-famiglie-storiche\/","title":{"rendered":"Alberto Zenato Presidente Famiglie Storiche"},"content":{"rendered":"\t\t<div data-elementor-type=\"wp-post\" data-elementor-id=\"7149\" class=\"elementor elementor-7149\" data-elementor-post-type=\"post\">\n\t\t\t\t<div class=\"elementor-element elementor-element-f6c8e86 e-flex e-con-boxed e-con e-parent\" data-id=\"f6c8e86\" data-element_type=\"container\" data-e-type=\"container\">\n\t\t\t\t\t<div class=\"e-con-inner\">\n\t\t\t\t<div class=\"elementor-element elementor-element-4ea2a3b elementor-widget elementor-widget-text-editor\" data-id=\"4ea2a3b\" data-element_type=\"widget\" data-e-type=\"widget\" data-widget_type=\"text-editor.default\">\n\t\t\t\t<div class=\"elementor-widget-container\">\n\t\t\t\t\t\t\t\t\t<p><em>Cambio ai vertici delle Famiglie Storiche<\/em><\/p><p><strong>ALBERTO ZENATO \u00c8 IL NUOVO PRESIDENTE<\/strong><\/p><p><em>Dopo tre anni alla guida del gruppo Maria Sabrina Tedeschi passa il testimone ad Alberto Zenato. Vicepresidenti: Giuseppe Rizzardi e Giordano Begali. Tra gli obiettivi della prossima presidenza, in continuit\u00e0 con quelle precedenti, ci sono la promozione dell&#8217;Amarone in tutto il mondo e la collaborazione con istituzioni e associazioni<\/em><\/p><p><strong>Verona, 7 maggio 2019<\/strong>\u00a0\u2013<strong>\u00a0Alberto Zenato<\/strong>\u00a0\u00e8 il nuovo Presidente delle Famiglie Storiche. Dopo tre anni alla guida del gruppo, Maria Sabrina Tedeschi passa il testimone ad Alberto Zenato. L&#8217;Associazione nata nel 2009 e che oggi riunisce tredici storici produttori di Amarone Docg (Allegrini, Begali, Brigaldara, Guerrieri Rizzardi, Masi, Musella, Speri, Tedeschi, Tenuta Sant&#8217;Antonio, Tommasi, Torre d&#8217;Orti, Venturini e Zenato)avr\u00e0 come vicepresidenti\u00a0<strong>Giuseppe Rizzardi\u00a0<\/strong>titolare dell&#8217;azienda Guerrieri Rizzardi e\u00a0<strong>Giordano Begali<\/strong>.<\/p><p>\u201c<em>Sono orgogliosa di lasciare nelle mani di Alberto Zenato un gruppo forte e solido, coeso e capace di lavorare insieme con lungimiranza e per il bene del territorio\u201d,\u00a0<\/em>ha dichiarato la presidente uscente\u00a0<strong>Maria Sabrina Tedeschi.<\/strong>\u00a0<em>\u201cGli obiettivi prefissati tre anni fa per continuare l&#8217;operato dei miei predecessori\u00a0<\/em>(ndr Sandro Boscaini e Marilisa Allegrini) avevano lo scopo di\u00a0<em>esaltare le diverse interpretazioni dell&#8217;Amarone Docg e il suo valore storico, enologico, culturale e soprattutto economico. Abbiamo sempre operato con rigore e professionalit\u00e0 ottenendo tante soddisfazioni e riconoscimenti tra cui mi piace ricordare il Wine Award for Friends ricevuto dalla prestigiosa rivista tedesca Feinschmecker e l&#8217;invito a rappresentare la Valpolicella, unico territorio italiano presente con una Masterclass durante l&#8217;ultimo Terroir Renaissance Wine Symposium organizzato a Shanghai lo scorso novembre. Non \u00e8 stato tutto semplice\u201d,<\/em>\u00a0continua Maria Sabrina Tedeschi.\u00a0<em>\u201cA fronte di tanto impegno profuso e di un continuo dialogo con le istituzioni, mi spiace \u2013 come auspicato da tanti colleghi del territorio e dalle stesse istituzioni \u2013 non aver chiuso durante la mia presidenza il contenzioso promosso dal Consorzio. Da questo punto di vista per\u00f2 posso affermare di aver fatto il possibile perch\u00e9 sia io personalmente, sia tutti gli associati delle Famiglie abbiamo dimostrato massima disponibilit\u00e0 in proposito, dichiarandoci anche disposti ad accettare, per il bene della Denominazione, tutte le richieste che il Consorzio ha formulato in giudizio. Purtroppo, evidentemente, neppure questo \u00e8 stato ritenuto bastevole, ma per la continua crescita qualitativa e culturale del territorio, il dialogo deve comunque continuare\u201d.<\/em><\/p><p>\u201c<em>Sono molto onorato di assumere questa carica e ringrazio tutti i soci del gruppo che hanno riposto la loro fiducia in me\u201d<\/em>, ha esordito il neo Presidente\u00a0<strong>Alberto Zenato<\/strong>.\u00a0<em>\u201cViviamo un periodo che richiede particolare attenzione e impegno nel salvaguardare l\u2019immagine dell\u2019Amarone come prodotto d\u2019eccellenza nel mondo. L\u2019aumento delle superfici vitate, la richiesta crescente del Ripasso, indissolubilmente legato alla produzione dell\u2019Amarone, la maggiore produzione di Amarone stesso, sono segnali che devono trovare riscontro in una concreta strategia che non ne mini la qualit\u00e0 e la presenza sui mercati italiani ed esteri. A questo proposito, tra i miei primi intenti, quello di continuare, e favorire, un dialogo propositivo con le istituzioni, lavorando su temi concreti per mantenere alta la qualit\u00e0 dell&#8217;Amarone e dei vini della Valpolicella. In secondo luogo, ci impegneremo per consolidare i mercati storici come Stati Uniti, Canada e Nord Europa insistendo sull\u2019esclusivit\u00e0 e preziosit\u00e0 dell\u2019Amarone e aprire la strada verso nuove aree in particolare asiatiche, in cui \u00e8 fondamentale far conoscere la storia, la cultura e il lavoro che ogni famiglia sa esprimere con una personale interpretazione, ma con un linguaggio comune: il rigore, la tradizione, la passione. Importante sar\u00e0 anche il confronto con associazioni simili alla nostra, come \u00e8 gi\u00e0 stato fatto con l\u2019Accademia del Barolo, per fare rete e promuovere in particolare sui mercati esteri l\u2019eccellenza della produzione vitivinicola italiana\u201d<\/em>.<\/p><p>L&#8217;elezione del nuovo Presidente e la composizione del rinnovato Consiglio di Amministrazione del Gruppo, avviene all&#8217;insegna della continuit\u00e0 con i precedenti mandati e riconferma valori e obiettivi comuni, gli stessi che hanno spinto 13 Famiglie a unirsi e lavorare in reciproca sinergia: raccontare le virt\u00f9 dell&#8217;Amarone e delle sue secolari tradizioni nel mondo; continuare a cercare un dialogo costruttivo con tutti gli enti preposti alla salvaguardia e alla difesa di questo vino; vigilare e osservare con spirito critico il territorio della Valpolicella.<\/p><p><strong>Le Famiglie Storiche<\/strong><\/p><p>Le Famiglie Storiche \u00e8 un\u2019associazione promossa nel giugno del 2009 da dieci storiche aziende della Valpolicella. Oggi conta tredici soci, prestigiose aziende vitivinicole che da generazioni sostengono e promuovono il territorio: Allegrini, Begali, Brigaldara, Guerrieri Rizzardi, Masi, Musella, Speri, Tedeschi, Tenuta Sant\u2019Antonio, Tommasi, Torre D\u2019Orti, Venturini e Zenato.<\/p><p>Le Famiglie Storiche affondano le proprie radici nel solco della tradizione e dell\u2019artigianalit\u00e0, e punta a far conoscere e preservare non solo i vini, ma anche una delle zone pi\u00f9 strategiche di produzione vitivinicole italiane: la Valpolicella. Tutte le famiglie mettono a frutto un patrimonio di sapere consolidato nel tempo e un impegno costante alla qualit\u00e0, alla tradizione e all\u2019innovazione per testimoniare questo grande vino. Il gruppo \u00e8 composto da aziende storiche, ciascuna con le proprie caratteristiche e filosofia, che hanno dimostrato di saper camminare insieme nel reciproco sostegno l\u2019una dell\u2019altra. L&#8217;Associazione commercializza annualmente circa 2,3 milioni di bottiglie di Amarone Docg, destinandone all\u2019export circa 2 milioni (pari all\u201980% dell\u2019intera quota. Nel 2009 il dato aggregato delle attuali Famiglie Storiche registrava circa 1,7 milioni di bottiglie esportate.\u00a0Indieci anni quindi si \u00e8 registrato un incremento in volumi esportati del 18%, a fronte di una continua crescita a valore e una forte affermazione negli Stati Uniti, Canada, Paesi Scandinavi e Svizzera.<\/p><p>\u00a0<\/p><p>Coordinamento e comunicazione<\/p><p>Elena Caccia<\/p>\t\t\t\t\t\t\t\t<\/div>\n\t\t\t\t<\/div>\n\t\t\t\t\t<\/div>\n\t\t\t\t<\/div>\n\t\t<div class=\"elementor-element elementor-element-0e325a0 e-flex e-con-boxed e-con e-parent\" data-id=\"0e325a0\" data-element_type=\"container\" data-e-type=\"container\">\n\t\t\t\t\t<div class=\"e-con-inner\">\n\t\t\t\t\t<\/div>\n\t\t\t\t<\/div>\n\t\t\t\t<\/div>\n\t\t","protected":false},"excerpt":{"rendered":"<p>Cambio ai vertici delle Famiglie Storiche ALBERTO ZENATO \u00c8 IL NUOVO PRESIDENTE Dopo tre anni alla guida del gruppo Maria Sabrina Tedeschi passa il testimone ad Alberto Zenato. Vicepresidenti: Giuseppe Rizzardi e Giordano Begali. Tra gli obiettivi della prossima presidenza, in continuit\u00e0 con quelle precedenti, ci sono la promozione dell&#8217;Amarone in tutto il mondo e [&hellip;]<\/p>\n","protected":false},"author":1,"featured_media":0,"comment_status":"closed","ping_status":"open","sticky":false,"template":"","format":"standard","meta":{"_acf_changed":false,"footnotes":""},"categories":[236],"tags":[],"class_list":["post-7149","post","type-post","status-publish","format-standard","hentry","category-novita"],"acf":[],"_links":{"self":[{"href":"https:\/\/www.zenato.it\/en\/wp-json\/wp\/v2\/posts\/7149","targetHints":{"allow":["GET"]}}],"collection":[{"href":"https:\/\/www.zenato.it\/en\/wp-json\/wp\/v2\/posts"}],"about":[{"href":"https:\/\/www.zenato.it\/en\/wp-json\/wp\/v2\/types\/post"}],"author":[{"embeddable":true,"href":"https:\/\/www.zenato.it\/en\/wp-json\/wp\/v2\/users\/1"}],"replies":[{"embeddable":true,"href":"https:\/\/www.zenato.it\/en\/wp-json\/wp\/v2\/comments?post=7149"}],"version-history":[{"count":1,"href":"https:\/\/www.zenato.it\/en\/wp-json\/wp\/v2\/posts\/7149\/revisions"}],"predecessor-version":[{"id":12105,"href":"https:\/\/www.zenato.it\/en\/wp-json\/wp\/v2\/posts\/7149\/revisions\/12105"}],"wp:attachment":[{"href":"https:\/\/www.zenato.it\/en\/wp-json\/wp\/v2\/media?parent=7149"}],"wp:term":[{"taxonomy":"category","embeddable":true,"href":"https:\/\/www.zenato.it\/en\/wp-json\/wp\/v2\/categories?post=7149"},{"taxonomy":"post_tag","embeddable":true,"href":"https:\/\/www.zenato.it\/en\/wp-json\/wp\/v2\/tags?post=7149"}],"curies":[{"name":"wp","href":"https:\/\/api.w.org\/{rel}","templated":true}]}}